{"id":339,"date":"2018-12-15T21:11:27","date_gmt":"2018-12-15T21:11:27","guid":{"rendered":"http:\/\/alpes-ski-soleil.com\/?p=339"},"modified":"2025-01-30T10:19:24","modified_gmt":"2025-01-30T10:19:24","slug":"la-maison-avant-renovation","status":"publish","type":"post","link":"https:\/\/alpes-ski-soleil.com\/?p=339","title":{"rendered":"La maison avant r\u00e9novation"},"content":{"rendered":"<p>C&rsquo;est une vieille maison typique de la r\u00e9gion, grand b\u00e2timent en pierre construit sur une pente avec des entr\u00e9es \u00e0 chaque niveau, la partie sud d\u00e9coup\u00e9e en 2 petits appartements o\u00f9 vivaient les anciens propri\u00e9taires et la partie nord consacr\u00e9e \u00e0 la ferme (grange, \u00e9table, grenier \u00e0 foin&#8230;.).<\/p>\n<p>La maison disposait pour tout chauffage d&rsquo;une vieille cuisini\u00e8re \u00e0 bois en fonte, qui restait allum\u00e9e \u00e9t\u00e9 comme hiver et fournissait \u00e9galement l&rsquo;eau chaude. Pas de salle d&rsquo;eau, pas de toilettes, le seul point d&rsquo;eau, un \u00e9vier, avait \u00e9t\u00e9 install\u00e9 dans les ann\u00e9es 80. Auparavant, les propri\u00e9taires allaient chercher l&rsquo;eau \u00e0 la fontaine communale.<\/p>\n<p>Pour les Orians, c&rsquo;est la \u00ab\u00a0Maison Paysans\u00a0\u00bb, sobriquet de ses anciens habitants (ici, auparavant, tout le monde avait son sobriquet&#8230;).<\/p>\n<div id='gallery-1' class='gallery galleryid-339 gallery-columns-5 gallery-size-thumbnail'><figure class='gallery-item'>\n\t\t\t<div class='gallery-icon portrait'>\n\t\t\t\t<a href='https:\/\/alpes-ski-soleil.com\/?attachment_id=354'><img loading=\"lazy\" decoding=\"async\" width=\"150\" height=\"150\" src=\"https:\/\/alpes-ski-soleil.com\/wp-content\/uploads\/2018\/04\/avant-1-150x150.jpg\" class=\"attachment-thumbnail size-thumbnail\" alt=\"La fa\u00e7ade sud\" aria-describedby=\"gallery-1-354\" srcset=\"https:\/\/alpes-ski-soleil.com\/wp-content\/uploads\/2018\/04\/avant-1-150x150.jpg 150w, https:\/\/alpes-ski-soleil.com\/wp-content\/uploads\/2018\/04\/avant-1-600x600.jpg 600w, https:\/\/alpes-ski-soleil.com\/wp-content\/uploads\/2018\/04\/avant-1-300x300.jpg 300w\" sizes=\"auto, 100vw\" \/><\/a>\n\t\t\t<\/div>\n\t\t\t\t<figcaption class='wp-caption-text gallery-caption' id='gallery-1-354'>\n\t\t\t\tLa fa\u00e7ade sud\n\t\t\t\t<\/figcaption><\/figure><figure class='gallery-item'>\n\t\t\t<div class='gallery-icon landscape'>\n\t\t\t\t<a href='https:\/\/alpes-ski-soleil.com\/?attachment_id=355'><img loading=\"lazy\" decoding=\"async\" width=\"150\" height=\"150\" src=\"https:\/\/alpes-ski-soleil.com\/wp-content\/uploads\/2018\/04\/avant-2-150x150.jpg\" class=\"attachment-thumbnail size-thumbnail\" alt=\"Entre la maison et la rue, des arbres poussent les murs\" aria-describedby=\"gallery-1-355\" srcset=\"https:\/\/alpes-ski-soleil.com\/wp-content\/uploads\/2018\/04\/avant-2-150x150.jpg 150w, https:\/\/alpes-ski-soleil.com\/wp-content\/uploads\/2018\/04\/avant-2-600x600.jpg 600w, https:\/\/alpes-ski-soleil.com\/wp-content\/uploads\/2018\/04\/avant-2-300x300.jpg 300w\" sizes=\"auto, 100vw\" \/><\/a>\n\t\t\t<\/div>\n\t\t\t\t<figcaption class='wp-caption-text gallery-caption' id='gallery-1-355'>\n\t\t\t\tEntre la maison et la rue, des arbres poussent les murs\n\t\t\t\t<\/figcaption><\/figure><figure class='gallery-item'>\n\t\t\t<div class='gallery-icon landscape'>\n\t\t\t\t<a href='https:\/\/alpes-ski-soleil.com\/?attachment_id=356'><img loading=\"lazy\" decoding=\"async\" width=\"150\" height=\"150\" src=\"https:\/\/alpes-ski-soleil.com\/wp-content\/uploads\/2018\/04\/avant-3-150x150.jpg\" class=\"attachment-thumbnail size-thumbnail\" alt=\"Poutres bloque-neige sur la toiture\" aria-describedby=\"gallery-1-356\" srcset=\"https:\/\/alpes-ski-soleil.com\/wp-content\/uploads\/2018\/04\/avant-3-150x150.jpg 150w, https:\/\/alpes-ski-soleil.com\/wp-content\/uploads\/2018\/04\/avant-3-600x600.jpg 600w, https:\/\/alpes-ski-soleil.com\/wp-content\/uploads\/2018\/04\/avant-3-300x300.jpg 300w\" sizes=\"auto, 100vw\" \/><\/a>\n\t\t\t<\/div>\n\t\t\t\t<figcaption class='wp-caption-text gallery-caption' id='gallery-1-356'>\n\t\t\t\tPoutres bloque-neige sur la toiture\n\t\t\t\t<\/figcaption><\/figure><figure class='gallery-item'>\n\t\t\t<div class='gallery-icon landscape'>\n\t\t\t\t<a href='https:\/\/alpes-ski-soleil.com\/?attachment_id=357'><img loading=\"lazy\" decoding=\"async\" width=\"150\" height=\"150\" src=\"https:\/\/alpes-ski-soleil.com\/wp-content\/uploads\/2018\/04\/avant-4-150x150.jpg\" class=\"attachment-thumbnail size-thumbnail\" alt=\"\" srcset=\"https:\/\/alpes-ski-soleil.com\/wp-content\/uploads\/2018\/04\/avant-4-150x150.jpg 150w, https:\/\/alpes-ski-soleil.com\/wp-content\/uploads\/2018\/04\/avant-4-600x600.jpg 600w, https:\/\/alpes-ski-soleil.com\/wp-content\/uploads\/2018\/04\/avant-4-300x300.jpg 300w\" sizes=\"auto, 100vw\" \/><\/a>\n\t\t\t<\/div><\/figure><figure class='gallery-item'>\n\t\t\t<div class='gallery-icon portrait'>\n\t\t\t\t<a href='https:\/\/alpes-ski-soleil.com\/?attachment_id=358'><img loading=\"lazy\" decoding=\"async\" width=\"150\" height=\"150\" src=\"https:\/\/alpes-ski-soleil.com\/wp-content\/uploads\/2018\/04\/avant-5-150x150.jpg\" class=\"attachment-thumbnail size-thumbnail\" alt=\"\" srcset=\"https:\/\/alpes-ski-soleil.com\/wp-content\/uploads\/2018\/04\/avant-5-150x150.jpg 150w, https:\/\/alpes-ski-soleil.com\/wp-content\/uploads\/2018\/04\/avant-5-600x600.jpg 600w, https:\/\/alpes-ski-soleil.com\/wp-content\/uploads\/2018\/04\/avant-5-300x300.jpg 300w\" sizes=\"auto, 100vw\" \/><\/a>\n\t\t\t<\/div><\/figure><figure class='gallery-item'>\n\t\t\t<div class='gallery-icon portrait'>\n\t\t\t\t<a href='https:\/\/alpes-ski-soleil.com\/?attachment_id=359'><img loading=\"lazy\" decoding=\"async\" width=\"150\" height=\"150\" src=\"https:\/\/alpes-ski-soleil.com\/wp-content\/uploads\/2018\/04\/avant-6-150x150.jpg\" class=\"attachment-thumbnail size-thumbnail\" alt=\"Les fen\u00eatres\" aria-describedby=\"gallery-1-359\" srcset=\"https:\/\/alpes-ski-soleil.com\/wp-content\/uploads\/2018\/04\/avant-6-150x150.jpg 150w, https:\/\/alpes-ski-soleil.com\/wp-content\/uploads\/2018\/04\/avant-6-600x600.jpg 600w, https:\/\/alpes-ski-soleil.com\/wp-content\/uploads\/2018\/04\/avant-6-300x300.jpg 300w\" sizes=\"auto, 100vw\" \/><\/a>\n\t\t\t<\/div>\n\t\t\t\t<figcaption class='wp-caption-text gallery-caption' id='gallery-1-359'>\n\t\t\t\tLes fen\u00eatres, petites et pas du tout isol\u00e9es&#8230; Les carreaux sont fix\u00e9s aux montants  par de petites pointes, sans m\u00eame un joint de mastic !\n\t\t\t\t<\/figcaption><\/figure><figure class='gallery-item'>\n\t\t\t<div class='gallery-icon portrait'>\n\t\t\t\t<a href='https:\/\/alpes-ski-soleil.com\/?attachment_id=360'><img loading=\"lazy\" decoding=\"async\" width=\"150\" height=\"150\" src=\"https:\/\/alpes-ski-soleil.com\/wp-content\/uploads\/2018\/04\/avant-7-150x150.jpg\" class=\"attachment-thumbnail size-thumbnail\" alt=\"\" srcset=\"https:\/\/alpes-ski-soleil.com\/wp-content\/uploads\/2018\/04\/avant-7-150x150.jpg 150w, https:\/\/alpes-ski-soleil.com\/wp-content\/uploads\/2018\/04\/avant-7-600x600.jpg 600w, https:\/\/alpes-ski-soleil.com\/wp-content\/uploads\/2018\/04\/avant-7-300x300.jpg 300w\" sizes=\"auto, 100vw\" \/><\/a>\n\t\t\t<\/div><\/figure><figure class='gallery-item'>\n\t\t\t<div class='gallery-icon portrait'>\n\t\t\t\t<a href='https:\/\/alpes-ski-soleil.com\/?attachment_id=361'><img loading=\"lazy\" decoding=\"async\" width=\"150\" height=\"150\" src=\"https:\/\/alpes-ski-soleil.com\/wp-content\/uploads\/2018\/04\/avant-8-150x150.jpg\" class=\"attachment-thumbnail size-thumbnail\" alt=\"\" srcset=\"https:\/\/alpes-ski-soleil.com\/wp-content\/uploads\/2018\/04\/avant-8-150x150.jpg 150w, https:\/\/alpes-ski-soleil.com\/wp-content\/uploads\/2018\/04\/avant-8-600x600.jpg 600w, https:\/\/alpes-ski-soleil.com\/wp-content\/uploads\/2018\/04\/avant-8-300x300.jpg 300w\" sizes=\"auto, 100vw\" \/><\/a>\n\t\t\t<\/div><\/figure><figure class='gallery-item'>\n\t\t\t<div class='gallery-icon portrait'>\n\t\t\t\t<a href='https:\/\/alpes-ski-soleil.com\/?attachment_id=362'><img loading=\"lazy\" decoding=\"async\" width=\"150\" height=\"150\" src=\"https:\/\/alpes-ski-soleil.com\/wp-content\/uploads\/2018\/04\/avant-9-150x150.jpg\" class=\"attachment-thumbnail size-thumbnail\" alt=\"Le po\u00eale \u00e0 bois\" aria-describedby=\"gallery-1-362\" srcset=\"https:\/\/alpes-ski-soleil.com\/wp-content\/uploads\/2018\/04\/avant-9-150x150.jpg 150w, https:\/\/alpes-ski-soleil.com\/wp-content\/uploads\/2018\/04\/avant-9-600x600.jpg 600w, https:\/\/alpes-ski-soleil.com\/wp-content\/uploads\/2018\/04\/avant-9-300x300.jpg 300w\" sizes=\"auto, 100vw\" \/><\/a>\n\t\t\t<\/div>\n\t\t\t\t<figcaption class='wp-caption-text gallery-caption' id='gallery-1-362'>\n\t\t\t\tLe po\u00eale \u00e0 bois, seul \u00e9l\u00e9ment de confort de la maison&#8230;\n\t\t\t\t<\/figcaption><\/figure><figure class='gallery-item'>\n\t\t\t<div class='gallery-icon portrait'>\n\t\t\t\t<a href='https:\/\/alpes-ski-soleil.com\/?attachment_id=363'><img loading=\"lazy\" decoding=\"async\" width=\"150\" height=\"150\" src=\"https:\/\/alpes-ski-soleil.com\/wp-content\/uploads\/2018\/04\/avant-10-150x150.jpg\" class=\"attachment-thumbnail size-thumbnail\" alt=\"\" srcset=\"https:\/\/alpes-ski-soleil.com\/wp-content\/uploads\/2018\/04\/avant-10-150x150.jpg 150w, https:\/\/alpes-ski-soleil.com\/wp-content\/uploads\/2018\/04\/avant-10-600x600.jpg 600w, https:\/\/alpes-ski-soleil.com\/wp-content\/uploads\/2018\/04\/avant-10-300x300.jpg 300w\" sizes=\"auto, 100vw\" \/><\/a>\n\t\t\t<\/div><\/figure><figure class='gallery-item'>\n\t\t\t<div class='gallery-icon landscape'>\n\t\t\t\t<a href='https:\/\/alpes-ski-soleil.com\/?attachment_id=364'><img loading=\"lazy\" decoding=\"async\" width=\"150\" height=\"150\" src=\"https:\/\/alpes-ski-soleil.com\/wp-content\/uploads\/2018\/04\/avant-11-150x150.jpg\" class=\"attachment-thumbnail size-thumbnail\" alt=\"Grande cave vout\u00e9e sous la partie Sud de la maison\" aria-describedby=\"gallery-1-364\" srcset=\"https:\/\/alpes-ski-soleil.com\/wp-content\/uploads\/2018\/04\/avant-11-150x150.jpg 150w, https:\/\/alpes-ski-soleil.com\/wp-content\/uploads\/2018\/04\/avant-11-600x600.jpg 600w, https:\/\/alpes-ski-soleil.com\/wp-content\/uploads\/2018\/04\/avant-11-300x300.jpg 300w\" sizes=\"auto, 100vw\" \/><\/a>\n\t\t\t<\/div>\n\t\t\t\t<figcaption class='wp-caption-text gallery-caption' id='gallery-1-364'>\n\t\t\t\tGrande cave vout\u00e9e sous la partie Sud de la maison\n\t\t\t\t<\/figcaption><\/figure><figure class='gallery-item'>\n\t\t\t<div class='gallery-icon landscape'>\n\t\t\t\t<a href='https:\/\/alpes-ski-soleil.com\/?attachment_id=343'><img loading=\"lazy\" decoding=\"async\" width=\"150\" height=\"150\" src=\"https:\/\/alpes-ski-soleil.com\/wp-content\/uploads\/2018\/04\/avant-150x150.jpg\" class=\"attachment-thumbnail size-thumbnail\" alt=\"\" srcset=\"https:\/\/alpes-ski-soleil.com\/wp-content\/uploads\/2018\/04\/avant-150x150.jpg 150w, https:\/\/alpes-ski-soleil.com\/wp-content\/uploads\/2018\/04\/avant-730x730.jpg 730w, https:\/\/alpes-ski-soleil.com\/wp-content\/uploads\/2018\/04\/avant-365x365.jpg 365w, https:\/\/alpes-ski-soleil.com\/wp-content\/uploads\/2018\/04\/avant-600x600.jpg 600w, https:\/\/alpes-ski-soleil.com\/wp-content\/uploads\/2018\/04\/avant-300x300.jpg 300w\" sizes=\"auto, 100vw\" \/><\/a>\n\t\t\t<\/div><\/figure>\n\t\t<\/div>\n\n","protected":false},"excerpt":{"rendered":"<p>C&rsquo;est une vieille maison typique de la r\u00e9gion, grand b\u00e2timent en pierre construit sur une pente avec des entr\u00e9es \u00e0 chaque niveau, la partie sud d\u00e9coup\u00e9e en 2 petits appartements o\u00f9 vivaient les anciens propri\u00e9taires et la partie nord consacr\u00e9e \u00e0 la ferme (grange, \u00e9table, grenier \u00e0 foin&#8230;.). La maison disposait pour tout chauffage d&rsquo;une &hellip; <\/p>\n<p class=\"link-more\"><a href=\"https:\/\/alpes-ski-soleil.com\/?p=339\" class=\"more-link\">Lire la suite de<span class=\"screen-reader-text\">\u00ab\u00a0La maison avant r\u00e9novation\u00a0\u00bb<\/span><\/a><\/p>\n","protected":false},"author":1,"featured_media":343,"comment_status":"closed","ping_status":"closed","sticky":false,"template":"","format":"standard","meta":{"_seopress_robots_primary_cat":"","_seopress_titles_title":"","_seopress_titles_desc":"","_seopress_robots_index":"","footnotes":""},"categories":[70],"tags":[],"class_list":["post-339","post","type-post","status-publish","format-standard","has-post-thumbnail","hentry","category-renovation"],"_links":{"self":[{"href":"https:\/\/alpes-ski-soleil.com\/index.php?rest_route=\/wp\/v2\/posts\/339","targetHints":{"allow":["GET"]}}],"collection":[{"href":"https:\/\/alpes-ski-soleil.com\/index.php?rest_route=\/wp\/v2\/posts"}],"about":[{"href":"https:\/\/alpes-ski-soleil.com\/index.php?rest_route=\/wp\/v2\/types\/post"}],"author":[{"embeddable":true,"href":"https:\/\/alpes-ski-soleil.com\/index.php?rest_route=\/wp\/v2\/users\/1"}],"replies":[{"embeddable":true,"href":"https:\/\/alpes-ski-soleil.com\/index.php?rest_route=%2Fwp%2Fv2%2Fcomments&post=339"}],"version-history":[{"count":7,"href":"https:\/\/alpes-ski-soleil.com\/index.php?rest_route=\/wp\/v2\/posts\/339\/revisions"}],"predecessor-version":[{"id":4007,"href":"https:\/\/alpes-ski-soleil.com\/index.php?rest_route=\/wp\/v2\/posts\/339\/revisions\/4007"}],"wp:featuredmedia":[{"embeddable":true,"href":"https:\/\/alpes-ski-soleil.com\/index.php?rest_route=\/wp\/v2\/media\/343"}],"wp:attachment":[{"href":"https:\/\/alpes-ski-soleil.com\/index.php?rest_route=%2Fwp%2Fv2%2Fmedia&parent=339"}],"wp:term":[{"taxonomy":"category","embeddable":true,"href":"https:\/\/alpes-ski-soleil.com\/index.php?rest_route=%2Fwp%2Fv2%2Fcategories&post=339"},{"taxonomy":"post_tag","embeddable":true,"href":"https:\/\/alpes-ski-soleil.com\/index.php?rest_route=%2Fwp%2Fv2%2Ftags&post=339"}],"curies":[{"name":"wp","href":"https:\/\/api.w.org\/{rel}","templated":true}]}}