{"id":352,"date":"2018-09-03T16:02:54","date_gmt":"2018-09-03T16:02:54","guid":{"rendered":"http:\/\/alpes-ski-soleil.com\/?p=352"},"modified":"2025-01-30T10:20:39","modified_gmt":"2025-01-30T10:20:39","slug":"petit-menage-dans-le-jardin","status":"publish","type":"post","link":"https:\/\/alpes-ski-soleil.com\/?p=352","title":{"rendered":"Petit m\u00e9nage dans le jardin"},"content":{"rendered":"<p style=\"text-align: justify;\">Le jardin ne constitue pas vraiment une priorit\u00e9, donc on s&rsquo;en occupe pendant les temps morts, en attendant une livraison de mat\u00e9riaux par exemple. Mais l&rsquo;\u00e9tat du jardin impacte aussi l&rsquo;int\u00e9rieur de la maison, avec en particulier des arbres qui poussent trop pr\u00e8s des murs et dont les racines poussent les pierres, et un \u00e9coulement \u00e0 cr\u00e9er entre la maison et la rue pour imiter les infiltrations d&rsquo;eau de pluie. Cerise sur le g\u00e2teau, quelques tomates ou de belles fleurs aux couleurs vives nous aideront \u00e0 passer les moments les plus durs.<\/p>\n<div id='gallery-1' class='gallery galleryid-352 gallery-columns-5 gallery-size-thumbnail'><figure class='gallery-item'>\n\t\t\t<div class='gallery-icon landscape'>\n\t\t\t\t<a href='https:\/\/alpes-ski-soleil.com\/?attachment_id=371'><img loading=\"lazy\" decoding=\"async\" width=\"150\" height=\"150\" src=\"https:\/\/alpes-ski-soleil.com\/wp-content\/uploads\/2018\/05\/IMG_20170726_1539341-150x150.jpg\" class=\"attachment-thumbnail size-thumbnail\" alt=\"C\u00f4t\u00e9 rue avant r\u00e9novation\" aria-describedby=\"gallery-1-371\" srcset=\"https:\/\/alpes-ski-soleil.com\/wp-content\/uploads\/2018\/05\/IMG_20170726_1539341-150x150.jpg 150w, https:\/\/alpes-ski-soleil.com\/wp-content\/uploads\/2018\/05\/IMG_20170726_1539341-600x600.jpg 600w, https:\/\/alpes-ski-soleil.com\/wp-content\/uploads\/2018\/05\/IMG_20170726_1539341-300x300.jpg 300w\" sizes=\"auto, 100vw\" \/><\/a>\n\t\t\t<\/div>\n\t\t\t\t<figcaption class='wp-caption-text gallery-caption' id='gallery-1-371'>\n\t\t\t\tC\u00f4t\u00e9 rue avant r\u00e9novation. Des fr\u00eanes poussent les murs&#8230;\n\t\t\t\t<\/figcaption><\/figure><figure class='gallery-item'>\n\t\t\t<div class='gallery-icon landscape'>\n\t\t\t\t<a href='https:\/\/alpes-ski-soleil.com\/?attachment_id=367'><img loading=\"lazy\" decoding=\"async\" width=\"150\" height=\"150\" src=\"https:\/\/alpes-ski-soleil.com\/wp-content\/uploads\/2018\/05\/avant-150x150.jpg\" class=\"attachment-thumbnail size-thumbnail\" alt=\"C\u00f4t\u00e9 rue...\" aria-describedby=\"gallery-1-367\" srcset=\"https:\/\/alpes-ski-soleil.com\/wp-content\/uploads\/2018\/05\/avant-150x150.jpg 150w, https:\/\/alpes-ski-soleil.com\/wp-content\/uploads\/2018\/05\/avant-600x600.jpg 600w, https:\/\/alpes-ski-soleil.com\/wp-content\/uploads\/2018\/05\/avant-300x300.jpg 300w\" sizes=\"auto, 100vw\" \/><\/a>\n\t\t\t<\/div>\n\t\t\t\t<figcaption class='wp-caption-text gallery-caption' id='gallery-1-367'>\n\t\t\t\tC\u00f4t\u00e9 rue&#8230; On coupe les arbres\n\t\t\t\t<\/figcaption><\/figure><figure class='gallery-item'>\n\t\t\t<div class='gallery-icon portrait'>\n\t\t\t\t<a href='https:\/\/alpes-ski-soleil.com\/?attachment_id=369'><img loading=\"lazy\" decoding=\"async\" width=\"150\" height=\"150\" src=\"https:\/\/alpes-ski-soleil.com\/wp-content\/uploads\/2018\/05\/avant-8-150x150.jpg\" class=\"attachment-thumbnail size-thumbnail\" alt=\"C\u00f4t\u00e9 rue...\" aria-describedby=\"gallery-1-369\" srcset=\"https:\/\/alpes-ski-soleil.com\/wp-content\/uploads\/2018\/05\/avant-8-150x150.jpg 150w, https:\/\/alpes-ski-soleil.com\/wp-content\/uploads\/2018\/05\/avant-8-600x600.jpg 600w, https:\/\/alpes-ski-soleil.com\/wp-content\/uploads\/2018\/05\/avant-8-300x300.jpg 300w\" sizes=\"auto, 100vw\" \/><\/a>\n\t\t\t<\/div>\n\t\t\t\t<figcaption class='wp-caption-text gallery-caption' id='gallery-1-369'>\n\t\t\t\tC\u00f4t\u00e9 rue, on place une b\u00e2che \u00e9tanche pour \u00e9viter les infiltrations d&rsquo;eau\n\t\t\t\t<\/figcaption><\/figure><figure class='gallery-item'>\n\t\t\t<div class='gallery-icon portrait'>\n\t\t\t\t<a href='https:\/\/alpes-ski-soleil.com\/?attachment_id=370'><img loading=\"lazy\" decoding=\"async\" width=\"150\" height=\"150\" src=\"https:\/\/alpes-ski-soleil.com\/wp-content\/uploads\/2018\/05\/avant-9-150x150.jpg\" class=\"attachment-thumbnail size-thumbnail\" alt=\"La premi\u00e8re fleur du jardin\" aria-describedby=\"gallery-1-370\" srcset=\"https:\/\/alpes-ski-soleil.com\/wp-content\/uploads\/2018\/05\/avant-9-150x150.jpg 150w, https:\/\/alpes-ski-soleil.com\/wp-content\/uploads\/2018\/05\/avant-9-600x600.jpg 600w, https:\/\/alpes-ski-soleil.com\/wp-content\/uploads\/2018\/05\/avant-9-300x300.jpg 300w\" sizes=\"auto, 100vw\" \/><\/a>\n\t\t\t<\/div>\n\t\t\t\t<figcaption class='wp-caption-text gallery-caption' id='gallery-1-370'>\n\t\t\t\tLa premi\u00e8re fleur du jardin\n\t\t\t\t<\/figcaption><\/figure><figure class='gallery-item'>\n\t\t\t<div class='gallery-icon landscape'>\n\t\t\t\t<a href='https:\/\/alpes-ski-soleil.com\/?attachment_id=368'><img loading=\"lazy\" decoding=\"async\" width=\"150\" height=\"150\" src=\"https:\/\/alpes-ski-soleil.com\/wp-content\/uploads\/2018\/05\/avant-4-150x150.jpg\" class=\"attachment-thumbnail size-thumbnail\" alt=\"D\u00e9frichage\" aria-describedby=\"gallery-1-368\" srcset=\"https:\/\/alpes-ski-soleil.com\/wp-content\/uploads\/2018\/05\/avant-4-150x150.jpg 150w, https:\/\/alpes-ski-soleil.com\/wp-content\/uploads\/2018\/05\/avant-4-600x600.jpg 600w, https:\/\/alpes-ski-soleil.com\/wp-content\/uploads\/2018\/05\/avant-4-300x300.jpg 300w, https:\/\/alpes-ski-soleil.com\/wp-content\/uploads\/2018\/05\/avant-4-730x730.jpg 730w, https:\/\/alpes-ski-soleil.com\/wp-content\/uploads\/2018\/05\/avant-4-365x365.jpg 365w\" sizes=\"auto, 100vw\" \/><\/a>\n\t\t\t<\/div>\n\t\t\t\t<figcaption class='wp-caption-text gallery-caption' id='gallery-1-368'>\n\t\t\t\tD\u00e9frichage\n\t\t\t\t<\/figcaption><\/figure><figure class='gallery-item'>\n\t\t\t<div class='gallery-icon portrait'>\n\t\t\t\t<a href='https:\/\/alpes-ski-soleil.com\/?attachment_id=354'><img loading=\"lazy\" decoding=\"async\" width=\"150\" height=\"150\" src=\"https:\/\/alpes-ski-soleil.com\/wp-content\/uploads\/2018\/04\/avant-1-150x150.jpg\" class=\"attachment-thumbnail size-thumbnail\" alt=\"La fa\u00e7ade sud\" aria-describedby=\"gallery-1-354\" srcset=\"https:\/\/alpes-ski-soleil.com\/wp-content\/uploads\/2018\/04\/avant-1-150x150.jpg 150w, https:\/\/alpes-ski-soleil.com\/wp-content\/uploads\/2018\/04\/avant-1-600x600.jpg 600w, https:\/\/alpes-ski-soleil.com\/wp-content\/uploads\/2018\/04\/avant-1-300x300.jpg 300w\" sizes=\"auto, 100vw\" \/><\/a>\n\t\t\t<\/div>\n\t\t\t\t<figcaption class='wp-caption-text gallery-caption' id='gallery-1-354'>\n\t\t\t\tLa fa\u00e7ade sud\n\t\t\t\t<\/figcaption><\/figure><figure class='gallery-item'>\n\t\t\t<div class='gallery-icon landscape'>\n\t\t\t\t<a href='https:\/\/alpes-ski-soleil.com\/?attachment_id=395'><img loading=\"lazy\" decoding=\"async\" width=\"150\" height=\"150\" src=\"https:\/\/alpes-ski-soleil.com\/wp-content\/uploads\/2018\/06\/Melezet-2-150x150.jpg\" class=\"attachment-thumbnail size-thumbnail\" alt=\"Sympa de bosser dans un tel paysage\" aria-describedby=\"gallery-1-395\" srcset=\"https:\/\/alpes-ski-soleil.com\/wp-content\/uploads\/2018\/06\/Melezet-2-150x150.jpg 150w, https:\/\/alpes-ski-soleil.com\/wp-content\/uploads\/2018\/06\/Melezet-2-600x600.jpg 600w, https:\/\/alpes-ski-soleil.com\/wp-content\/uploads\/2018\/06\/Melezet-2-300x300.jpg 300w\" sizes=\"auto, 100vw\" \/><\/a>\n\t\t\t<\/div>\n\t\t\t\t<figcaption class='wp-caption-text gallery-caption' id='gallery-1-395'>\n\t\t\t\tSympa de bosser dans un tel paysage\n\t\t\t\t<\/figcaption><\/figure><figure class='gallery-item'>\n\t\t\t<div class='gallery-icon portrait'>\n\t\t\t\t<a href='https:\/\/alpes-ski-soleil.com\/?attachment_id=394'><img loading=\"lazy\" decoding=\"async\" width=\"150\" height=\"150\" src=\"https:\/\/alpes-ski-soleil.com\/wp-content\/uploads\/2018\/06\/Melezet-1-150x150.jpg\" class=\"attachment-thumbnail size-thumbnail\" alt=\"Les premi\u00e8res plantations du potager\" aria-describedby=\"gallery-1-394\" srcset=\"https:\/\/alpes-ski-soleil.com\/wp-content\/uploads\/2018\/06\/Melezet-1-150x150.jpg 150w, https:\/\/alpes-ski-soleil.com\/wp-content\/uploads\/2018\/06\/Melezet-1-600x600.jpg 600w, https:\/\/alpes-ski-soleil.com\/wp-content\/uploads\/2018\/06\/Melezet-1-300x300.jpg 300w\" sizes=\"auto, 100vw\" \/><\/a>\n\t\t\t<\/div>\n\t\t\t\t<figcaption class='wp-caption-text gallery-caption' id='gallery-1-394'>\n\t\t\t\tLes premi\u00e8res plantations du potager\n\t\t\t\t<\/figcaption><\/figure><figure class='gallery-item'>\n\t\t\t<div class='gallery-icon portrait'>\n\t\t\t\t<a href='https:\/\/alpes-ski-soleil.com\/?attachment_id=403'><img loading=\"lazy\" decoding=\"async\" width=\"150\" height=\"150\" src=\"https:\/\/alpes-ski-soleil.com\/wp-content\/uploads\/2018\/06\/R\u00e9novation-8-150x150.jpg\" class=\"attachment-thumbnail size-thumbnail\" alt=\"\" aria-describedby=\"gallery-1-403\" srcset=\"https:\/\/alpes-ski-soleil.com\/wp-content\/uploads\/2018\/06\/R\u00e9novation-8-150x150.jpg 150w, https:\/\/alpes-ski-soleil.com\/wp-content\/uploads\/2018\/06\/R\u00e9novation-8-600x600.jpg 600w, https:\/\/alpes-ski-soleil.com\/wp-content\/uploads\/2018\/06\/R\u00e9novation-8-300x300.jpg 300w\" sizes=\"auto, 100vw\" \/><\/a>\n\t\t\t<\/div>\n\t\t\t\t<figcaption class='wp-caption-text gallery-caption' id='gallery-1-403'>\n\t\t\t\tC\u00f4t\u00e9 rue un mois environ apr\u00e8s la plantation\n\t\t\t\t<\/figcaption><\/figure><figure class='gallery-item'>\n\t\t\t<div class='gallery-icon portrait'>\n\t\t\t\t<a href='https:\/\/alpes-ski-soleil.com\/?attachment_id=404'><img loading=\"lazy\" decoding=\"async\" width=\"150\" height=\"150\" src=\"https:\/\/alpes-ski-soleil.com\/wp-content\/uploads\/2018\/06\/R\u00e9novation-9-150x150.jpg\" class=\"attachment-thumbnail size-thumbnail\" alt=\"C\u00f4t\u00e9 rue un mois environ apr\u00e8s la plantation\" aria-describedby=\"gallery-1-404\" srcset=\"https:\/\/alpes-ski-soleil.com\/wp-content\/uploads\/2018\/06\/R\u00e9novation-9-150x150.jpg 150w, https:\/\/alpes-ski-soleil.com\/wp-content\/uploads\/2018\/06\/R\u00e9novation-9-600x600.jpg 600w, https:\/\/alpes-ski-soleil.com\/wp-content\/uploads\/2018\/06\/R\u00e9novation-9-300x300.jpg 300w\" sizes=\"auto, 100vw\" \/><\/a>\n\t\t\t<\/div>\n\t\t\t\t<figcaption class='wp-caption-text gallery-caption' id='gallery-1-404'>\n\t\t\t\tC\u00f4t\u00e9 rue un mois environ apr\u00e8s la plantation\n\t\t\t\t<\/figcaption><\/figure><figure class='gallery-item'>\n\t\t\t<div class='gallery-icon landscape'>\n\t\t\t\t<a href='https:\/\/alpes-ski-soleil.com\/?attachment_id=405'><img loading=\"lazy\" decoding=\"async\" width=\"150\" height=\"150\" src=\"https:\/\/alpes-ski-soleil.com\/wp-content\/uploads\/2018\/06\/R\u00e9novation-10-150x150.jpg\" class=\"attachment-thumbnail size-thumbnail\" alt=\"Le potager environ un mois apr\u00e8s plantation\" aria-describedby=\"gallery-1-405\" srcset=\"https:\/\/alpes-ski-soleil.com\/wp-content\/uploads\/2018\/06\/R\u00e9novation-10-150x150.jpg 150w, https:\/\/alpes-ski-soleil.com\/wp-content\/uploads\/2018\/06\/R\u00e9novation-10-600x600.jpg 600w, https:\/\/alpes-ski-soleil.com\/wp-content\/uploads\/2018\/06\/R\u00e9novation-10-300x300.jpg 300w\" sizes=\"auto, 100vw\" \/><\/a>\n\t\t\t<\/div>\n\t\t\t\t<figcaption class='wp-caption-text gallery-caption' id='gallery-1-405'>\n\t\t\t\tLe potager environ un mois apr\u00e8s plantation\n\t\t\t\t<\/figcaption><\/figure><figure class='gallery-item'>\n\t\t\t<div class='gallery-icon portrait'>\n\t\t\t\t<a href='https:\/\/alpes-ski-soleil.com\/?attachment_id=426'><img loading=\"lazy\" decoding=\"async\" width=\"150\" height=\"150\" src=\"https:\/\/alpes-ski-soleil.com\/wp-content\/uploads\/2018\/08\/Juillet-2018-7-150x150.jpg\" class=\"attachment-thumbnail size-thumbnail\" alt=\"Le jardin d\u00e9but juillet\" aria-describedby=\"gallery-1-426\" srcset=\"https:\/\/alpes-ski-soleil.com\/wp-content\/uploads\/2018\/08\/Juillet-2018-7-150x150.jpg 150w, https:\/\/alpes-ski-soleil.com\/wp-content\/uploads\/2018\/08\/Juillet-2018-7-600x600.jpg 600w, https:\/\/alpes-ski-soleil.com\/wp-content\/uploads\/2018\/08\/Juillet-2018-7-300x300.jpg 300w\" sizes=\"auto, 100vw\" \/><\/a>\n\t\t\t<\/div>\n\t\t\t\t<figcaption class='wp-caption-text gallery-caption' id='gallery-1-426'>\n\t\t\t\tLe jardin d\u00e9but juillet\n\t\t\t\t<\/figcaption><\/figure><figure class='gallery-item'>\n\t\t\t<div class='gallery-icon landscape'>\n\t\t\t\t<a href='https:\/\/alpes-ski-soleil.com\/?attachment_id=425'><img loading=\"lazy\" decoding=\"async\" width=\"150\" height=\"150\" src=\"https:\/\/alpes-ski-soleil.com\/wp-content\/uploads\/2018\/08\/Juillet-2018-6-150x150.jpg\" class=\"attachment-thumbnail size-thumbnail\" alt=\"Le jardin d\u00e9but juillet\" aria-describedby=\"gallery-1-425\" srcset=\"https:\/\/alpes-ski-soleil.com\/wp-content\/uploads\/2018\/08\/Juillet-2018-6-150x150.jpg 150w, https:\/\/alpes-ski-soleil.com\/wp-content\/uploads\/2018\/08\/Juillet-2018-6-600x600.jpg 600w, https:\/\/alpes-ski-soleil.com\/wp-content\/uploads\/2018\/08\/Juillet-2018-6-300x300.jpg 300w\" sizes=\"auto, 100vw\" \/><\/a>\n\t\t\t<\/div>\n\t\t\t\t<figcaption class='wp-caption-text gallery-caption' id='gallery-1-425'>\n\t\t\t\tLe jardin d\u00e9but juillet\n\t\t\t\t<\/figcaption><\/figure>\n\t\t<\/div>\n\n","protected":false},"excerpt":{"rendered":"<p>Le jardin ne constitue pas vraiment une priorit\u00e9, donc on s&rsquo;en occupe pendant les temps morts, en attendant une livraison de mat\u00e9riaux par exemple. Mais l&rsquo;\u00e9tat du jardin impacte aussi l&rsquo;int\u00e9rieur de la maison, avec en particulier des arbres qui poussent trop pr\u00e8s des murs et dont les racines poussent les pierres, et un \u00e9coulement &hellip; <\/p>\n<p class=\"link-more\"><a href=\"https:\/\/alpes-ski-soleil.com\/?p=352\" class=\"more-link\">Lire la suite de<span class=\"screen-reader-text\">\u00ab\u00a0Petit m\u00e9nage dans le jardin\u00a0\u00bb<\/span><\/a><\/p>\n","protected":false},"author":1,"featured_media":368,"comment_status":"closed","ping_status":"closed","sticky":false,"template":"","format":"standard","meta":{"_seopress_robots_primary_cat":"","_seopress_titles_title":"","_seopress_titles_desc":"","_seopress_robots_index":"","footnotes":""},"categories":[70],"tags":[],"class_list":["post-352","post","type-post","status-publish","format-standard","has-post-thumbnail","hentry","category-renovation"],"_links":{"self":[{"href":"https:\/\/alpes-ski-soleil.com\/index.php?rest_route=\/wp\/v2\/posts\/352","targetHints":{"allow":["GET"]}}],"collection":[{"href":"https:\/\/alpes-ski-soleil.com\/index.php?rest_route=\/wp\/v2\/posts"}],"about":[{"href":"https:\/\/alpes-ski-soleil.com\/index.php?rest_route=\/wp\/v2\/types\/post"}],"author":[{"embeddable":true,"href":"https:\/\/alpes-ski-soleil.com\/index.php?rest_route=\/wp\/v2\/users\/1"}],"replies":[{"embeddable":true,"href":"https:\/\/alpes-ski-soleil.com\/index.php?rest_route=%2Fwp%2Fv2%2Fcomments&post=352"}],"version-history":[{"count":9,"href":"https:\/\/alpes-ski-soleil.com\/index.php?rest_route=\/wp\/v2\/posts\/352\/revisions"}],"predecessor-version":[{"id":4012,"href":"https:\/\/alpes-ski-soleil.com\/index.php?rest_route=\/wp\/v2\/posts\/352\/revisions\/4012"}],"wp:featuredmedia":[{"embeddable":true,"href":"https:\/\/alpes-ski-soleil.com\/index.php?rest_route=\/wp\/v2\/media\/368"}],"wp:attachment":[{"href":"https:\/\/alpes-ski-soleil.com\/index.php?rest_route=%2Fwp%2Fv2%2Fmedia&parent=352"}],"wp:term":[{"taxonomy":"category","embeddable":true,"href":"https:\/\/alpes-ski-soleil.com\/index.php?rest_route=%2Fwp%2Fv2%2Fcategories&post=352"},{"taxonomy":"post_tag","embeddable":true,"href":"https:\/\/alpes-ski-soleil.com\/index.php?rest_route=%2Fwp%2Fv2%2Ftags&post=352"}],"curies":[{"name":"wp","href":"https:\/\/api.w.org\/{rel}","templated":true}]}}