{"id":375,"date":"2018-10-31T19:09:58","date_gmt":"2018-10-31T19:09:58","guid":{"rendered":"http:\/\/alpes-ski-soleil.com\/?p=375"},"modified":"2025-01-30T10:26:57","modified_gmt":"2025-01-30T10:26:57","slug":"consolidation-des-murs","status":"publish","type":"post","link":"https:\/\/alpes-ski-soleil.com\/?p=375","title":{"rendered":"Consolidation des murs"},"content":{"rendered":"<p>Sur environ la moiti\u00e9 de la maison, les murs sont enterr\u00e9s. L&rsquo;eau qui coule des terrains en amont s&rsquo;infiltre et a fragilis\u00e9 les murs. De plus, le sol en terre de l&rsquo;\u00e9curie a \u00e9t\u00e9 d\u00e9caiss\u00e9 sous le niveau des fondations, et il faut renforcer tout l&rsquo;ensemble avant d&rsquo;envisager tout le reste.<\/p>\n<p>Un peu inquiets, nous prenons conseil aupr\u00e8s d&rsquo;un ma\u00e7on sp\u00e9cialis\u00e9 dans la r\u00e9novation de ce genre de vieille ferme. Solutions mises en \u0153uvre:<\/p>\n<ul>\n<li>Pour la voute: d\u00e9gager les pierres du dessus sur toute la longueur et les recouvrir d&rsquo;une couche de b\u00e9ton fibr\u00e9 avant de placer le h\u00e9risson et de couler la dalle (\u00e9galement en b\u00e9ton fibr\u00e9, par la peine de ferrailler).<\/li>\n<li>Pour l&rsquo;\u00e9curie: bien nettoyer les murs au karcher en \u00e9vitant de fragiliser les joints, puis les consolider \u00e0 l&rsquo;aide d&rsquo;un cr\u00e9pis sp\u00e9cialement adapt\u00e9 (une premi\u00e8re couche d&rsquo;accroche sable et ciment hydrofug\u00e9, une ou deux couches additionn\u00e9es d&rsquo;un adjuvant expansif, puis une couche finale avec un hydrofuge plus sp\u00e9cifique).<\/li>\n<li>Pour renforcer les fondations: faire une ceinture de b\u00e9ton tout autour, d&rsquo;une hauteur suffisante pour recouvrir au minimum la moiti\u00e9 des pierres les plus basses, et d&rsquo;une \u00e9paisseur de 15 \u00e0 40 cm selon les endroits.<\/li>\n<\/ul>\n<div id='gallery-1' class='gallery galleryid-375 gallery-columns-5 gallery-size-thumbnail'><figure class='gallery-item'>\n\t\t\t<div class='gallery-icon portrait'>\n\t\t\t\t<a href='https:\/\/alpes-ski-soleil.com\/?attachment_id=379'><img loading=\"lazy\" decoding=\"async\" width=\"150\" height=\"150\" src=\"https:\/\/alpes-ski-soleil.com\/wp-content\/uploads\/2018\/06\/avant-5-150x150.jpg\" class=\"attachment-thumbnail size-thumbnail\" alt=\"Karcher-party\" aria-describedby=\"gallery-1-379\" srcset=\"https:\/\/alpes-ski-soleil.com\/wp-content\/uploads\/2018\/06\/avant-5-150x150.jpg 150w, https:\/\/alpes-ski-soleil.com\/wp-content\/uploads\/2018\/06\/avant-5-600x600.jpg 600w, https:\/\/alpes-ski-soleil.com\/wp-content\/uploads\/2018\/06\/avant-5-300x300.jpg 300w\" sizes=\"auto, 100vw\" \/><\/a>\n\t\t\t<\/div>\n\t\t\t\t<figcaption class='wp-caption-text gallery-caption' id='gallery-1-379'>\n\t\t\t\tKarcher-party\n\t\t\t\t<\/figcaption><\/figure><figure class='gallery-item'>\n\t\t\t<div class='gallery-icon portrait'>\n\t\t\t\t<a href='https:\/\/alpes-ski-soleil.com\/?attachment_id=382'><img loading=\"lazy\" decoding=\"async\" width=\"150\" height=\"150\" src=\"https:\/\/alpes-ski-soleil.com\/wp-content\/uploads\/2018\/06\/avant-10-150x150.jpg\" class=\"attachment-thumbnail size-thumbnail\" alt=\"Pioche, balai, puis compresseur, Elise d\u00e9couvre la colonne vert\u00e9brale de la cave vout\u00e9e\" aria-describedby=\"gallery-1-382\" srcset=\"https:\/\/alpes-ski-soleil.com\/wp-content\/uploads\/2018\/06\/avant-10-150x150.jpg 150w, https:\/\/alpes-ski-soleil.com\/wp-content\/uploads\/2018\/06\/avant-10-600x600.jpg 600w, https:\/\/alpes-ski-soleil.com\/wp-content\/uploads\/2018\/06\/avant-10-300x300.jpg 300w, https:\/\/alpes-ski-soleil.com\/wp-content\/uploads\/2018\/06\/avant-10-730x730.jpg 730w, https:\/\/alpes-ski-soleil.com\/wp-content\/uploads\/2018\/06\/avant-10-365x365.jpg 365w\" sizes=\"auto, 100vw\" \/><\/a>\n\t\t\t<\/div>\n\t\t\t\t<figcaption class='wp-caption-text gallery-caption' id='gallery-1-382'>\n\t\t\t\tLa cave vout\u00e9e\n\t\t\t\t<\/figcaption><\/figure><figure class='gallery-item'>\n\t\t\t<div class='gallery-icon portrait'>\n\t\t\t\t<a href='https:\/\/alpes-ski-soleil.com\/?attachment_id=381'><img loading=\"lazy\" decoding=\"async\" width=\"150\" height=\"150\" src=\"https:\/\/alpes-ski-soleil.com\/wp-content\/uploads\/2018\/06\/avant-7-150x150.jpg\" class=\"attachment-thumbnail size-thumbnail\" alt=\"Cr\u00e9pis hydrofuge\" aria-describedby=\"gallery-1-381\" srcset=\"https:\/\/alpes-ski-soleil.com\/wp-content\/uploads\/2018\/06\/avant-7-150x150.jpg 150w, https:\/\/alpes-ski-soleil.com\/wp-content\/uploads\/2018\/06\/avant-7-600x600.jpg 600w, https:\/\/alpes-ski-soleil.com\/wp-content\/uploads\/2018\/06\/avant-7-300x300.jpg 300w\" sizes=\"auto, 100vw\" \/><\/a>\n\t\t\t<\/div>\n\t\t\t\t<figcaption class='wp-caption-text gallery-caption' id='gallery-1-381'>\n\t\t\t\tCr\u00e9pis hydrofuge\n\t\t\t\t<\/figcaption><\/figure><figure class='gallery-item'>\n\t\t\t<div class='gallery-icon landscape'>\n\t\t\t\t<a href='https:\/\/alpes-ski-soleil.com\/?attachment_id=380'><img loading=\"lazy\" decoding=\"async\" width=\"150\" height=\"150\" src=\"https:\/\/alpes-ski-soleil.com\/wp-content\/uploads\/2018\/06\/avant-6-150x150.jpg\" class=\"attachment-thumbnail size-thumbnail\" alt=\"D\u00e9coupe des treillis soud\u00e9s\" aria-describedby=\"gallery-1-380\" srcset=\"https:\/\/alpes-ski-soleil.com\/wp-content\/uploads\/2018\/06\/avant-6-150x150.jpg 150w, https:\/\/alpes-ski-soleil.com\/wp-content\/uploads\/2018\/06\/avant-6-600x600.jpg 600w, https:\/\/alpes-ski-soleil.com\/wp-content\/uploads\/2018\/06\/avant-6-300x300.jpg 300w\" sizes=\"auto, 100vw\" \/><\/a>\n\t\t\t<\/div>\n\t\t\t\t<figcaption class='wp-caption-text gallery-caption' id='gallery-1-380'>\n\t\t\t\tTreillis soud\u00e9s\n\t\t\t\t<\/figcaption><\/figure><figure class='gallery-item'>\n\t\t\t<div class='gallery-icon portrait'>\n\t\t\t\t<a href='https:\/\/alpes-ski-soleil.com\/?attachment_id=400'><img loading=\"lazy\" decoding=\"async\" width=\"150\" height=\"150\" src=\"https:\/\/alpes-ski-soleil.com\/wp-content\/uploads\/2018\/06\/Melezet-7-150x150.jpg\" class=\"attachment-thumbnail size-thumbnail\" alt=\"Pioche, balai, puis compresseur, Elise d\u00e9couvre la colonne vert\u00e9brale de la cave vout\u00e9e\" aria-describedby=\"gallery-1-400\" srcset=\"https:\/\/alpes-ski-soleil.com\/wp-content\/uploads\/2018\/06\/Melezet-7-150x150.jpg 150w, https:\/\/alpes-ski-soleil.com\/wp-content\/uploads\/2018\/06\/Melezet-7-600x600.jpg 600w, https:\/\/alpes-ski-soleil.com\/wp-content\/uploads\/2018\/06\/Melezet-7-300x300.jpg 300w\" sizes=\"auto, 100vw\" \/><\/a>\n\t\t\t<\/div>\n\t\t\t\t<figcaption class='wp-caption-text gallery-caption' id='gallery-1-400'>\n\t\t\t\tLa cave vout\u00e9e\n\t\t\t\t<\/figcaption><\/figure><figure class='gallery-item'>\n\t\t\t<div class='gallery-icon portrait'>\n\t\t\t\t<a href='https:\/\/alpes-ski-soleil.com\/?attachment_id=399'><img loading=\"lazy\" decoding=\"async\" width=\"150\" height=\"150\" src=\"https:\/\/alpes-ski-soleil.com\/wp-content\/uploads\/2018\/06\/Melezet-6-150x150.jpg\" class=\"attachment-thumbnail size-thumbnail\" alt=\"D\u00e9coupe des treillis soud\u00e9s\" aria-describedby=\"gallery-1-399\" srcset=\"https:\/\/alpes-ski-soleil.com\/wp-content\/uploads\/2018\/06\/Melezet-6-150x150.jpg 150w, https:\/\/alpes-ski-soleil.com\/wp-content\/uploads\/2018\/06\/Melezet-6-600x600.jpg 600w, https:\/\/alpes-ski-soleil.com\/wp-content\/uploads\/2018\/06\/Melezet-6-300x300.jpg 300w\" sizes=\"auto, 100vw\" \/><\/a>\n\t\t\t<\/div>\n\t\t\t\t<figcaption class='wp-caption-text gallery-caption' id='gallery-1-399'>\n\t\t\t\tTreillis soud\u00e9s\n\t\t\t\t<\/figcaption><\/figure><figure class='gallery-item'>\n\t\t\t<div class='gallery-icon landscape'>\n\t\t\t\t<a href='https:\/\/alpes-ski-soleil.com\/?attachment_id=398'><img loading=\"lazy\" decoding=\"async\" width=\"150\" height=\"150\" src=\"https:\/\/alpes-ski-soleil.com\/wp-content\/uploads\/2018\/06\/Melezet-5-150x150.jpg\" class=\"attachment-thumbnail size-thumbnail\" alt=\"R\u00e9alisation des coffrages et ferraillages p\u00e9riph\u00e9riques\" aria-describedby=\"gallery-1-398\" srcset=\"https:\/\/alpes-ski-soleil.com\/wp-content\/uploads\/2018\/06\/Melezet-5-150x150.jpg 150w, https:\/\/alpes-ski-soleil.com\/wp-content\/uploads\/2018\/06\/Melezet-5-600x600.jpg 600w, https:\/\/alpes-ski-soleil.com\/wp-content\/uploads\/2018\/06\/Melezet-5-300x300.jpg 300w\" sizes=\"auto, 100vw\" \/><\/a>\n\t\t\t<\/div>\n\t\t\t\t<figcaption class='wp-caption-text gallery-caption' id='gallery-1-398'>\n\t\t\t\tR\u00e9alisation des coffrages et ferraillages p\u00e9riph\u00e9riques\n\t\t\t\t<\/figcaption><\/figure><figure class='gallery-item'>\n\t\t\t<div class='gallery-icon landscape'>\n\t\t\t\t<a href='https:\/\/alpes-ski-soleil.com\/?attachment_id=397'><img loading=\"lazy\" decoding=\"async\" width=\"150\" height=\"150\" src=\"https:\/\/alpes-ski-soleil.com\/wp-content\/uploads\/2018\/06\/Melezet-4-150x150.jpg\" class=\"attachment-thumbnail size-thumbnail\" alt=\"R\u00e9alisation des coffrages et ferraillages p\u00e9riph\u00e9riques\" aria-describedby=\"gallery-1-397\" srcset=\"https:\/\/alpes-ski-soleil.com\/wp-content\/uploads\/2018\/06\/Melezet-4-150x150.jpg 150w, https:\/\/alpes-ski-soleil.com\/wp-content\/uploads\/2018\/06\/Melezet-4-600x600.jpg 600w, https:\/\/alpes-ski-soleil.com\/wp-content\/uploads\/2018\/06\/Melezet-4-300x300.jpg 300w\" sizes=\"auto, 100vw\" \/><\/a>\n\t\t\t<\/div>\n\t\t\t\t<figcaption class='wp-caption-text gallery-caption' id='gallery-1-397'>\n\t\t\t\tR\u00e9alisation des coffrages et ferraillages p\u00e9riph\u00e9riques\n\t\t\t\t<\/figcaption><\/figure><figure class='gallery-item'>\n\t\t\t<div class='gallery-icon portrait'>\n\t\t\t\t<a href='https:\/\/alpes-ski-soleil.com\/?attachment_id=396'><img loading=\"lazy\" decoding=\"async\" width=\"150\" height=\"150\" src=\"https:\/\/alpes-ski-soleil.com\/wp-content\/uploads\/2018\/06\/Melezet-3-150x150.jpg\" class=\"attachment-thumbnail size-thumbnail\" alt=\"On a enfin l&#039;\u00e9lectricit\u00e9\" aria-describedby=\"gallery-1-396\" srcset=\"https:\/\/alpes-ski-soleil.com\/wp-content\/uploads\/2018\/06\/Melezet-3-150x150.jpg 150w, https:\/\/alpes-ski-soleil.com\/wp-content\/uploads\/2018\/06\/Melezet-3-600x600.jpg 600w, https:\/\/alpes-ski-soleil.com\/wp-content\/uploads\/2018\/06\/Melezet-3-300x300.jpg 300w\" sizes=\"auto, 100vw\" \/><\/a>\n\t\t\t<\/div>\n\t\t\t\t<figcaption class='wp-caption-text gallery-caption' id='gallery-1-396'>\n\t\t\t\tOn a enfin l&rsquo;\u00e9lectricit\u00e9 \n\t\t\t\t<\/figcaption><\/figure><figure class='gallery-item'>\n\t\t\t<div class='gallery-icon landscape'>\n\t\t\t\t<a href='https:\/\/alpes-ski-soleil.com\/?attachment_id=407'><img loading=\"lazy\" decoding=\"async\" width=\"150\" height=\"150\" src=\"https:\/\/alpes-ski-soleil.com\/wp-content\/uploads\/2018\/05\/R\u00e9novation-1-150x150.jpg\" class=\"attachment-thumbnail size-thumbnail\" alt=\"Des tas de pierres \u00e0 d\u00e9gager\" aria-describedby=\"gallery-1-407\" srcset=\"https:\/\/alpes-ski-soleil.com\/wp-content\/uploads\/2018\/05\/R\u00e9novation-1-150x150.jpg 150w, https:\/\/alpes-ski-soleil.com\/wp-content\/uploads\/2018\/05\/R\u00e9novation-1-600x600.jpg 600w, https:\/\/alpes-ski-soleil.com\/wp-content\/uploads\/2018\/05\/R\u00e9novation-1-300x300.jpg 300w\" sizes=\"auto, 100vw\" \/><\/a>\n\t\t\t<\/div>\n\t\t\t\t<figcaption class='wp-caption-text gallery-caption' id='gallery-1-407'>\n\t\t\t\tTas de pierres\n\t\t\t\t<\/figcaption><\/figure><figure class='gallery-item'>\n\t\t\t<div class='gallery-icon portrait'>\n\t\t\t\t<a href='https:\/\/alpes-ski-soleil.com\/?attachment_id=408'><img loading=\"lazy\" decoding=\"async\" width=\"150\" height=\"150\" src=\"https:\/\/alpes-ski-soleil.com\/wp-content\/uploads\/2018\/05\/R\u00e9novation-2-150x150.jpg\" class=\"attachment-thumbnail size-thumbnail\" alt=\"Coffrage pour renforcer le mur \u00e9croul\u00e9\" aria-describedby=\"gallery-1-408\" srcset=\"https:\/\/alpes-ski-soleil.com\/wp-content\/uploads\/2018\/05\/R\u00e9novation-2-150x150.jpg 150w, https:\/\/alpes-ski-soleil.com\/wp-content\/uploads\/2018\/05\/R\u00e9novation-2-600x600.jpg 600w, https:\/\/alpes-ski-soleil.com\/wp-content\/uploads\/2018\/05\/R\u00e9novation-2-300x300.jpg 300w\" sizes=\"auto, 100vw\" \/><\/a>\n\t\t\t<\/div>\n\t\t\t\t<figcaption class='wp-caption-text gallery-caption' id='gallery-1-408'>\n\t\t\t\tCoffrage \n\t\t\t\t<\/figcaption><\/figure><figure class='gallery-item'>\n\t\t\t<div class='gallery-icon landscape'>\n\t\t\t\t<a href='https:\/\/alpes-ski-soleil.com\/?attachment_id=409'><img loading=\"lazy\" decoding=\"async\" width=\"150\" height=\"150\" src=\"https:\/\/alpes-ski-soleil.com\/wp-content\/uploads\/2018\/05\/R\u00e9novation-3-150x150.jpg\" class=\"attachment-thumbnail size-thumbnail\" alt=\"Le mur \u00e9croul\u00e9 refait en b\u00e9ton\" aria-describedby=\"gallery-1-409\" srcset=\"https:\/\/alpes-ski-soleil.com\/wp-content\/uploads\/2018\/05\/R\u00e9novation-3-150x150.jpg 150w, https:\/\/alpes-ski-soleil.com\/wp-content\/uploads\/2018\/05\/R\u00e9novation-3-600x600.jpg 600w, https:\/\/alpes-ski-soleil.com\/wp-content\/uploads\/2018\/05\/R\u00e9novation-3-300x300.jpg 300w\" sizes=\"auto, 100vw\" \/><\/a>\n\t\t\t<\/div>\n\t\t\t\t<figcaption class='wp-caption-text gallery-caption' id='gallery-1-409'>\n\t\t\t\tLe mur \u00e9croul\u00e9 refait en b\u00e9ton\n\t\t\t\t<\/figcaption><\/figure><figure class='gallery-item'>\n\t\t\t<div class='gallery-icon landscape'>\n\t\t\t\t<a href='https:\/\/alpes-ski-soleil.com\/?attachment_id=410'><img loading=\"lazy\" decoding=\"async\" width=\"150\" height=\"150\" src=\"https:\/\/alpes-ski-soleil.com\/wp-content\/uploads\/2018\/05\/R\u00e9novation-4-150x150.jpg\" class=\"attachment-thumbnail size-thumbnail\" alt=\"La brouette tract\u00e9e et la pelleteuse\" aria-describedby=\"gallery-1-410\" srcset=\"https:\/\/alpes-ski-soleil.com\/wp-content\/uploads\/2018\/05\/R\u00e9novation-4-150x150.jpg 150w, https:\/\/alpes-ski-soleil.com\/wp-content\/uploads\/2018\/05\/R\u00e9novation-4-600x600.jpg 600w, https:\/\/alpes-ski-soleil.com\/wp-content\/uploads\/2018\/05\/R\u00e9novation-4-300x300.jpg 300w\" sizes=\"auto, 100vw\" \/><\/a>\n\t\t\t<\/div>\n\t\t\t\t<figcaption class='wp-caption-text gallery-caption' id='gallery-1-410'>\n\t\t\t\tBrouette tract\u00e9e\n\t\t\t\t<\/figcaption><\/figure><figure class='gallery-item'>\n\t\t\t<div class='gallery-icon portrait'>\n\t\t\t\t<a href='https:\/\/alpes-ski-soleil.com\/?attachment_id=411'><img loading=\"lazy\" decoding=\"async\" width=\"150\" height=\"150\" src=\"https:\/\/alpes-ski-soleil.com\/wp-content\/uploads\/2018\/05\/R\u00e9novation-5-150x150.jpg\" class=\"attachment-thumbnail size-thumbnail\" alt=\"Des tas de pierres \u00e0 d\u00e9gager\" aria-describedby=\"gallery-1-411\" srcset=\"https:\/\/alpes-ski-soleil.com\/wp-content\/uploads\/2018\/05\/R\u00e9novation-5-150x150.jpg 150w, https:\/\/alpes-ski-soleil.com\/wp-content\/uploads\/2018\/05\/R\u00e9novation-5-600x600.jpg 600w, https:\/\/alpes-ski-soleil.com\/wp-content\/uploads\/2018\/05\/R\u00e9novation-5-300x300.jpg 300w\" sizes=\"auto, 100vw\" \/><\/a>\n\t\t\t<\/div>\n\t\t\t\t<figcaption class='wp-caption-text gallery-caption' id='gallery-1-411'>\n\t\t\t\ttas de pierres \n\t\t\t\t<\/figcaption><\/figure><figure class='gallery-item'>\n\t\t\t<div class='gallery-icon landscape'>\n\t\t\t\t<a href='https:\/\/alpes-ski-soleil.com\/?attachment_id=412'><img loading=\"lazy\" decoding=\"async\" width=\"150\" height=\"150\" src=\"https:\/\/alpes-ski-soleil.com\/wp-content\/uploads\/2018\/05\/R\u00e9novation-6-150x150.jpg\" class=\"attachment-thumbnail size-thumbnail\" alt=\"On a coul\u00e9 un banc de b\u00e9ton bien ferraill\u00e9 tout autour de la pi\u00e8ce pour renforcer les murs\" aria-describedby=\"gallery-1-412\" srcset=\"https:\/\/alpes-ski-soleil.com\/wp-content\/uploads\/2018\/05\/R\u00e9novation-6-150x150.jpg 150w, https:\/\/alpes-ski-soleil.com\/wp-content\/uploads\/2018\/05\/R\u00e9novation-6-600x600.jpg 600w, https:\/\/alpes-ski-soleil.com\/wp-content\/uploads\/2018\/05\/R\u00e9novation-6-300x300.jpg 300w\" sizes=\"auto, 100vw\" \/><\/a>\n\t\t\t<\/div>\n\t\t\t\t<figcaption class='wp-caption-text gallery-caption' id='gallery-1-412'>\n\t\t\t\tBanc de b\u00e9ton \n\t\t\t\t<\/figcaption><\/figure><figure class='gallery-item'>\n\t\t\t<div class='gallery-icon portrait'>\n\t\t\t\t<a href='https:\/\/alpes-ski-soleil.com\/?attachment_id=413'><img loading=\"lazy\" decoding=\"async\" width=\"150\" height=\"150\" src=\"https:\/\/alpes-ski-soleil.com\/wp-content\/uploads\/2018\/05\/R\u00e9novation-7-150x150.jpg\" class=\"attachment-thumbnail size-thumbnail\" alt=\"La colonne vert\u00e9brale de la voute\" aria-describedby=\"gallery-1-413\" srcset=\"https:\/\/alpes-ski-soleil.com\/wp-content\/uploads\/2018\/05\/R\u00e9novation-7-150x150.jpg 150w, https:\/\/alpes-ski-soleil.com\/wp-content\/uploads\/2018\/05\/R\u00e9novation-7-600x600.jpg 600w, https:\/\/alpes-ski-soleil.com\/wp-content\/uploads\/2018\/05\/R\u00e9novation-7-300x300.jpg 300w\" sizes=\"auto, 100vw\" \/><\/a>\n\t\t\t<\/div>\n\t\t\t\t<figcaption class='wp-caption-text gallery-caption' id='gallery-1-413'>\n\t\t\t\tLa voute\n\t\t\t\t<\/figcaption><\/figure>\n\t\t<\/div>\n\n","protected":false},"excerpt":{"rendered":"<p>Sur environ la moiti\u00e9 de la maison, les murs sont enterr\u00e9s. L&rsquo;eau qui coule des terrains en amont s&rsquo;infiltre et a fragilis\u00e9 les murs. De plus, le sol en terre de l&rsquo;\u00e9curie a \u00e9t\u00e9 d\u00e9caiss\u00e9 sous le niveau des fondations, et il faut renforcer tout l&rsquo;ensemble avant d&rsquo;envisager tout le reste. Un peu inquiets, nous &hellip; <\/p>\n<p class=\"link-more\"><a href=\"https:\/\/alpes-ski-soleil.com\/?p=375\" class=\"more-link\">Lire la suite de<span class=\"screen-reader-text\">\u00ab\u00a0Consolidation des murs\u00a0\u00bb<\/span><\/a><\/p>\n","protected":false},"author":1,"featured_media":382,"comment_status":"closed","ping_status":"closed","sticky":false,"template":"","format":"standard","meta":{"_seopress_robots_primary_cat":"","_seopress_titles_title":"","_seopress_titles_desc":"","_seopress_robots_index":"","footnotes":""},"categories":[70],"tags":[],"class_list":["post-375","post","type-post","status-publish","format-standard","has-post-thumbnail","hentry","category-renovation"],"_links":{"self":[{"href":"https:\/\/alpes-ski-soleil.com\/index.php?rest_route=\/wp\/v2\/posts\/375","targetHints":{"allow":["GET"]}}],"collection":[{"href":"https:\/\/alpes-ski-soleil.com\/index.php?rest_route=\/wp\/v2\/posts"}],"about":[{"href":"https:\/\/alpes-ski-soleil.com\/index.php?rest_route=\/wp\/v2\/types\/post"}],"author":[{"embeddable":true,"href":"https:\/\/alpes-ski-soleil.com\/index.php?rest_route=\/wp\/v2\/users\/1"}],"replies":[{"embeddable":true,"href":"https:\/\/alpes-ski-soleil.com\/index.php?rest_route=%2Fwp%2Fv2%2Fcomments&post=375"}],"version-history":[{"count":5,"href":"https:\/\/alpes-ski-soleil.com\/index.php?rest_route=\/wp\/v2\/posts\/375\/revisions"}],"predecessor-version":[{"id":4011,"href":"https:\/\/alpes-ski-soleil.com\/index.php?rest_route=\/wp\/v2\/posts\/375\/revisions\/4011"}],"wp:featuredmedia":[{"embeddable":true,"href":"https:\/\/alpes-ski-soleil.com\/index.php?rest_route=\/wp\/v2\/media\/382"}],"wp:attachment":[{"href":"https:\/\/alpes-ski-soleil.com\/index.php?rest_route=%2Fwp%2Fv2%2Fmedia&parent=375"}],"wp:term":[{"taxonomy":"category","embeddable":true,"href":"https:\/\/alpes-ski-soleil.com\/index.php?rest_route=%2Fwp%2Fv2%2Fcategories&post=375"},{"taxonomy":"post_tag","embeddable":true,"href":"https:\/\/alpes-ski-soleil.com\/index.php?rest_route=%2Fwp%2Fv2%2Ftags&post=375"}],"curies":[{"name":"wp","href":"https:\/\/api.w.org\/{rel}","templated":true}]}}