{"id":4016,"date":"2024-09-10T10:54:43","date_gmt":"2024-09-10T10:54:43","guid":{"rendered":"https:\/\/alpes-ski-soleil.com\/?p=4016"},"modified":"2025-01-30T11:08:58","modified_gmt":"2025-01-30T11:08:58","slug":"coupe-de-france-vtt-dh-2024","status":"publish","type":"post","link":"https:\/\/alpes-ski-soleil.com\/?p=4016","title":{"rendered":"Coupe de France VTT DH 2024 aux Orres"},"content":{"rendered":"\n<h2 class=\"wp-block-heading\">La Coupe de France VTT DH 2024 aux Orres : Un \u00e9v\u00e9nement \u00e0 ne pas manquer !<\/h2>\n\n\n\n<p>Les amateurs de VTT et de sensations fortes ont rendez-vous aux Orres les <strong>14 et 15 septembre 2024<\/strong> pour la <strong>finale de la Coupe de France de VTT Descente<\/strong> ! Un week-end plac\u00e9 sous le signe de l\u2019adr\u00e9naline, o\u00f9 les meilleurs pilotes s\u2019affronteront sur l\u2019une des pistes les plus techniques des Alpes.<\/p>\n\n\n\n<h2 class=\"wp-block-heading\"><strong>Les Orres, un Terrain de Jeu Id\u00e9al pour le VTT<\/strong><\/h2>\n\n\n\n<p>R\u00e9put\u00e9e pour ses <strong>pistes exigeantes et son cadre naturel exceptionnel<\/strong>, la station des Orres est un spot incontournable pour les amateurs de VTT. La piste de descente, qui accueillera la finale, mettra \u00e0 l\u2019\u00e9preuve la vitesse, la technique et le sang-froid des riders avec ses virages serr\u00e9s, ses racines pi\u00e9geuses et ses sauts spectaculaires.<\/p>\n\n\n\n<figure class=\"wp-block-image size-large\"><img loading=\"lazy\" decoding=\"async\" width=\"1024\" height=\"683\" src=\"https:\/\/alpes-ski-soleil.com\/wp-content\/uploads\/2025\/01\/VTT-DH-1024x683.jpg\" alt=\"VTT de descente, appel\u00e9 couramment DH (Down Hill)\" class=\"wp-image-4018\" srcset=\"https:\/\/alpes-ski-soleil.com\/wp-content\/uploads\/2025\/01\/VTT-DH-1024x683.jpg 1024w, https:\/\/alpes-ski-soleil.com\/wp-content\/uploads\/2025\/01\/VTT-DH-300x200.jpg 300w, https:\/\/alpes-ski-soleil.com\/wp-content\/uploads\/2025\/01\/VTT-DH-768x512.jpg 768w, https:\/\/alpes-ski-soleil.com\/wp-content\/uploads\/2025\/01\/VTT-DH-80x53.jpg 80w, https:\/\/alpes-ski-soleil.com\/wp-content\/uploads\/2025\/01\/VTT-DH.jpg 1200w\" sizes=\"auto, (max-width: 1024px) 100vw, 1024px\" \/><\/figure>\n\n\n\n<h2 class=\"wp-block-heading\"><strong>Un Spectacle Grandiose pour les Spectateurs<\/strong><\/h2>\n\n\n\n<p>Que vous soyez passionn\u00e9 de VTT ou simplement curieux, cet \u00e9v\u00e9nement est une occasion unique d\u2019assister \u00e0 des performances impressionnantes au plus pr\u00e8s de l\u2019action. Plusieurs points de vue permettent d\u2019observer les descentes et de vibrer au rythme des exploits des pilotes.<\/p>\n\n\n\n<h2 class=\"wp-block-heading\"><strong>Un S\u00e9jour Sport et Nature aux Orres<\/strong><\/h2>\n\n\n\n<p>Profitez de votre venue pour d\u00e9couvrir les <strong>multiples activit\u00e9s et paysages grandioses<\/strong> des Orres. Apr\u00e8s les frissons de la comp\u00e9tition, offrez-vous un moment de d\u00e9tente en explorant les sentiers de randonn\u00e9e, en testant le bike park ou simplement en admirant les panoramas alpins.<\/p>\n\n\n\n<p>Pour rendre votre s\u00e9jour encore plus agr\u00e9able, notre maison de pays <strong>La M\u00e9l\u00e9zi\u00e8re<\/strong>, situ\u00e9e dans le charmant village du M\u00e9l\u00e9zet, vous accueille dans ses <strong>appartements de standing<\/strong> tout confort. Chaque logement peut h\u00e9berger jusqu\u2019\u00e0 <strong>6 personnes<\/strong>, avec <strong>3 chambres, chacune \u00e9quip\u00e9e de sa propre salle de bain<\/strong>. Un cadre id\u00e9al pour un week-end sportif et ressour\u00e7ant !<\/p>\n\n\n\n<h2 class=\"wp-block-heading\">\ud83d\udcc5 <strong>Infos Pratiques<\/strong><\/h2>\n\n\n\n<p><br>\ud83d\uddd3\ufe0f Dates : <strong>Samedi 14 et Dimanche 15 septembre 2024<\/strong><br>\ud83d\udccd Lieu : <strong>Station des Orres, Hautes-Alpes<\/strong><br>\ud83d\ude97 Acc\u00e8s : Station accessible en voiture, parkings disponibles \u00e0 proximit\u00e9 des pistes<br>\ud83c\udfe1 H\u00e9bergement : <strong>R\u00e9servez d\u00e8s maintenant votre s\u00e9jour \u00e0 La M\u00e9l\u00e9zi\u00e8re pour un week-end alliant sport et confort !<\/strong><\/p>\n\n\n\n<p>Ne manquez pas cette <strong>finale spectaculaire<\/strong> et r\u00e9servez d\u00e8s maintenant votre h\u00e9bergement pour un <strong>s\u00e9jour inoubliable aux Orres<\/strong> !<\/p>\n\n\n\n<p>\ud83d\udc49 <a href=\"https:\/\/alpes-ski-soleil.com\/\"><strong>D\u00e9couvrez nos appartements et r\u00e9servez votre s\u00e9jour !<\/strong><\/a><\/p>\n\n\n\n<p><\/p>\n","protected":false},"excerpt":{"rendered":"<p>La Coupe de France VTT DH 2024 aux Orres : Un \u00e9v\u00e9nement \u00e0 ne pas manquer ! Les amateurs de VTT et de sensations fortes ont rendez-vous aux Orres les 14 et 15 septembre 2024 pour la finale de la Coupe de France de VTT Descente ! Un week-end plac\u00e9 sous le signe de l\u2019adr\u00e9naline, &hellip; <\/p>\n<p class=\"link-more\"><a href=\"https:\/\/alpes-ski-soleil.com\/?p=4016\" class=\"more-link\">Lire la suite de<span class=\"screen-reader-text\">\u00ab\u00a0Coupe de France VTT DH 2024 aux Orres\u00a0\u00bb<\/span><\/a><\/p>\n","protected":false},"author":1,"featured_media":4019,"comment_status":"closed","ping_status":"closed","sticky":false,"template":"","format":"standard","meta":{"_seopress_robots_primary_cat":"","_seopress_titles_title":"","_seopress_titles_desc":"","_seopress_robots_index":"","footnotes":""},"categories":[83],"tags":[91,85,90],"class_list":["post-4016","post","type-post","status-publish","format-standard","has-post-thumbnail","hentry","category-actualites-les-orres","tag-dh","tag-les-orres","tag-vtt"],"_links":{"self":[{"href":"https:\/\/alpes-ski-soleil.com\/index.php?rest_route=\/wp\/v2\/posts\/4016","targetHints":{"allow":["GET"]}}],"collection":[{"href":"https:\/\/alpes-ski-soleil.com\/index.php?rest_route=\/wp\/v2\/posts"}],"about":[{"href":"https:\/\/alpes-ski-soleil.com\/index.php?rest_route=\/wp\/v2\/types\/post"}],"author":[{"embeddable":true,"href":"https:\/\/alpes-ski-soleil.com\/index.php?rest_route=\/wp\/v2\/users\/1"}],"replies":[{"embeddable":true,"href":"https:\/\/alpes-ski-soleil.com\/index.php?rest_route=%2Fwp%2Fv2%2Fcomments&post=4016"}],"version-history":[{"count":4,"href":"https:\/\/alpes-ski-soleil.com\/index.php?rest_route=\/wp\/v2\/posts\/4016\/revisions"}],"predecessor-version":[{"id":4026,"href":"https:\/\/alpes-ski-soleil.com\/index.php?rest_route=\/wp\/v2\/posts\/4016\/revisions\/4026"}],"wp:featuredmedia":[{"embeddable":true,"href":"https:\/\/alpes-ski-soleil.com\/index.php?rest_route=\/wp\/v2\/media\/4019"}],"wp:attachment":[{"href":"https:\/\/alpes-ski-soleil.com\/index.php?rest_route=%2Fwp%2Fv2%2Fmedia&parent=4016"}],"wp:term":[{"taxonomy":"category","embeddable":true,"href":"https:\/\/alpes-ski-soleil.com\/index.php?rest_route=%2Fwp%2Fv2%2Fcategories&post=4016"},{"taxonomy":"post_tag","embeddable":true,"href":"https:\/\/alpes-ski-soleil.com\/index.php?rest_route=%2Fwp%2Fv2%2Ftags&post=4016"}],"curies":[{"name":"wp","href":"https:\/\/api.w.org\/{rel}","templated":true}]}}