{"id":4060,"date":"2025-03-07T10:29:34","date_gmt":"2025-03-07T10:29:34","guid":{"rendered":"https:\/\/alpes-ski-soleil.com\/?p=4060"},"modified":"2025-03-07T10:31:39","modified_gmt":"2025-03-07T10:31:39","slug":"la-devale-des-orres-2025","status":"publish","type":"post","link":"https:\/\/alpes-ski-soleil.com\/?p=4060","title":{"rendered":"La D\u00e9vale des Orres 2025"},"content":{"rendered":"\n<h2 class=\"wp-block-heading\">La D\u00e9vale des Orres 2025 : L&rsquo;\u00e9v\u00e9nement Schuss &amp; Fun \u00e0 ne pas manquer !<\/h2>\n\n\n\n<p>Amateurs de sensations fortes, de glisse et de fun, pr\u00e9parez-vous ! La D\u00e9vale des Orres revient en force le <strong>samedi 15 mars 2025<\/strong> pour une deuxi\u00e8me \u00e9dition qui promet du grand spectacle. Entre descentes endiabl\u00e9es, d\u00e9guisements d\u00e9jant\u00e9s et ambiance festive, cet \u00e9v\u00e9nement est <strong>le rendez-vous incontournable de la fin de saison<\/strong> aux Orres.<\/p>\n\n\n\n<h3 class=\"wp-block-heading\"><strong>Une descente pas comme les autres !<\/strong><\/h3>\n\n\n\n<p>D\u00e8s la fermeture des pistes, \u00e0 <strong>17h45<\/strong>, skieurs et snowboarders s&rsquo;\u00e9lanceront <strong>tout schuss<\/strong> depuis le sommet du <strong>t\u00e9l\u00e9si\u00e8ge Pic Vert (2 246 m d&rsquo;altitude)<\/strong>. Le but ? <strong>Se faire plaisir avant tout !<\/strong> Que vous soyez en mode comp\u00e9tition, en dilettante ou simplement venu pour le fun, chacun trouvera son compte dans cette descente d&rsquo;environ <strong>6 km<\/strong> jusqu&rsquo;au front de neige <strong>1650<\/strong>.<\/p>\n\n\n\n<p><strong>D\u00e9guisement conseill\u00e9 !<\/strong> Car oui, en plus du plaisir de la glisse, un <strong>prix r\u00e9compensera les tenues les plus originales<\/strong> ! Alors, sortez votre panoplie de super-h\u00e9ros, de licorne ou de sumo, et mettez le feu \u00e0 la piste !<\/p>\n\n\n\n<p>\ud83c\udf81 <strong>Cadeaux et surprises<\/strong> :<\/p>\n\n\n\n<ul class=\"wp-block-list\">\n<li>De nombreux lots \u00e0 gagner, notamment pour les meilleurs d\u00e9guisements.<\/li>\n\n\n\n<li>Un souvenir offert \u00e0 tous les participants.<\/li>\n\n\n\n<li>M\u00eame les derniers \u00e0 l&rsquo;arriv\u00e9e auront leur chance d&rsquo;\u00eatre r\u00e9compens\u00e9s !<\/li>\n<\/ul>\n\n\n\n<h4 class=\"wp-block-heading\"><strong>Programme de la journ\u00e9e<\/strong><\/h4>\n\n\n\n<ul class=\"wp-block-list\">\n<li><strong>9h &#8211; 15h<\/strong> : Inscription \u00e0 la tente Les Orres (Front de neige 1650)<\/li>\n\n\n\n<li><strong>16h15 &#8211; 17h<\/strong> : Retrait des dossards &amp; mont\u00e9e en t\u00e9l\u00e9si\u00e8ge<\/li>\n\n\n\n<li><strong>17h15<\/strong> : Echauffement en musique et s\u00e9ance photo au sommet<\/li>\n\n\n\n<li><strong>17h45<\/strong> : D\u00e9part officiel de la D\u00e9vale<\/li>\n\n\n\n<li><strong>D\u00e8s 17h45<\/strong> : Podium et After Party au <strong>Grand Cabane<\/strong> avec le DJ <strong>Mike Hayes<\/strong> jusqu&rsquo;\u00e0 20h30.<\/li>\n\n\n\n<li><strong>20h30<\/strong> : Pour les infatigables, la soir\u00e9e se poursuit au <strong>Grizzli<\/strong> !<\/li>\n<\/ul>\n\n\n\n<h4 class=\"wp-block-heading\"><strong>Modalit\u00e9s d&rsquo;inscription<\/strong><\/h4>\n\n\n\n<ul class=\"wp-block-list\">\n<li>Ouvert \u00e0 tous \u00e0 partir de <strong>16 ans<\/strong> (autorisation parentale requise pour les mineurs).<\/li>\n\n\n\n<li><strong>Forfait de ski obligatoire<\/strong> (assurance Assur\u2019Gliss disponible pour 3,5\u20ac).<\/li>\n\n\n\n<li><strong>Casque obligatoire<\/strong>.<\/li>\n\n\n\n<li>Inscription gratuite le matin m\u00eame sur le front de neige (de 9h \u00e0 14h).<\/li>\n<\/ul>\n\n\n\n<h4 class=\"wp-block-heading\"><strong>Un \u00e9v\u00e9nement ancr\u00e9 dans l\u2019histoire des Orres<\/strong><\/h4>\n\n\n\n<p>Saviez-vous que la station des Orres a une longue tradition d&rsquo;\u00e9v\u00e9nements atypiques ?<\/p>\n\n\n\n<ul class=\"wp-block-list\">\n<li>Dans les ann\u00e9es 70, elle organisait la <strong>Course Neige et Voile<\/strong>, mixant ski et nautisme.<\/li>\n\n\n\n<li>De 2017 \u00e0 2020, elle accueillait la <strong>Red Bull Tout Schuss<\/strong>.<\/li>\n\n\n\n<li>En 2019, la <strong>D\u00e9vale des Orres<\/strong> \u00e9tait un raid multi-activit\u00e9s alliant ski, VTT et stand-up paddle.<\/li>\n\n\n\n<li>En 2024, la station fusionne tous ces concepts en une seule course 100% glisse et fun !<\/li>\n<\/ul>\n\n\n\n<p>Alors, pr\u00eats \u00e0 relever le d\u00e9fi et \u00e0 faire le plein de sensations fortes dans une ambiance survolt\u00e9e ? <strong>Rendez-vous le 15 mars aux Orres pour une descente inoubliable !<\/strong><\/p>\n\n\n\n<p><\/p>\n","protected":false},"excerpt":{"rendered":"<p>La D\u00e9vale des Orres 2025 : L&rsquo;\u00e9v\u00e9nement Schuss &amp; Fun \u00e0 ne pas manquer ! Amateurs de sensations fortes, de glisse et de fun, pr\u00e9parez-vous ! La D\u00e9vale des Orres revient en force le samedi 15 mars 2025 pour une deuxi\u00e8me \u00e9dition qui promet du grand spectacle. Entre descentes endiabl\u00e9es, d\u00e9guisements d\u00e9jant\u00e9s et ambiance festive, &hellip; <\/p>\n<p class=\"link-more\"><a href=\"https:\/\/alpes-ski-soleil.com\/?p=4060\" class=\"more-link\">Lire la suite de<span class=\"screen-reader-text\">\u00ab\u00a0La D\u00e9vale des Orres 2025\u00a0\u00bb<\/span><\/a><\/p>\n","protected":false},"author":1,"featured_media":4062,"comment_status":"closed","ping_status":"closed","sticky":false,"template":"","format":"standard","meta":{"_seopress_robots_primary_cat":"","_seopress_titles_title":"","_seopress_titles_desc":"","_seopress_robots_index":"","footnotes":""},"categories":[83],"tags":[],"class_list":["post-4060","post","type-post","status-publish","format-standard","has-post-thumbnail","hentry","category-actualites-les-orres"],"_links":{"self":[{"href":"https:\/\/alpes-ski-soleil.com\/index.php?rest_route=\/wp\/v2\/posts\/4060","targetHints":{"allow":["GET"]}}],"collection":[{"href":"https:\/\/alpes-ski-soleil.com\/index.php?rest_route=\/wp\/v2\/posts"}],"about":[{"href":"https:\/\/alpes-ski-soleil.com\/index.php?rest_route=\/wp\/v2\/types\/post"}],"author":[{"embeddable":true,"href":"https:\/\/alpes-ski-soleil.com\/index.php?rest_route=\/wp\/v2\/users\/1"}],"replies":[{"embeddable":true,"href":"https:\/\/alpes-ski-soleil.com\/index.php?rest_route=%2Fwp%2Fv2%2Fcomments&post=4060"}],"version-history":[{"count":1,"href":"https:\/\/alpes-ski-soleil.com\/index.php?rest_route=\/wp\/v2\/posts\/4060\/revisions"}],"predecessor-version":[{"id":4061,"href":"https:\/\/alpes-ski-soleil.com\/index.php?rest_route=\/wp\/v2\/posts\/4060\/revisions\/4061"}],"wp:featuredmedia":[{"embeddable":true,"href":"https:\/\/alpes-ski-soleil.com\/index.php?rest_route=\/wp\/v2\/media\/4062"}],"wp:attachment":[{"href":"https:\/\/alpes-ski-soleil.com\/index.php?rest_route=%2Fwp%2Fv2%2Fmedia&parent=4060"}],"wp:term":[{"taxonomy":"category","embeddable":true,"href":"https:\/\/alpes-ski-soleil.com\/index.php?rest_route=%2Fwp%2Fv2%2Fcategories&post=4060"},{"taxonomy":"post_tag","embeddable":true,"href":"https:\/\/alpes-ski-soleil.com\/index.php?rest_route=%2Fwp%2Fv2%2Ftags&post=4060"}],"curies":[{"name":"wp","href":"https:\/\/api.w.org\/{rel}","templated":true}]}}